{"id":3494,"date":"2019-07-01T15:43:22","date_gmt":"2019-07-01T13:43:22","guid":{"rendered":"https:\/\/www.loliferrer.com\/vieria-la-plancha-con-crujiente-de-jamon-ybrotes-de-cebolla\/"},"modified":"2019-07-01T15:48:30","modified_gmt":"2019-07-01T13:48:30","slug":"vieria-la-plancha-con-crujiente-de-jamon-ybrotes-de-cebolla","status":"publish","type":"post","link":"https:\/\/www.loliferrer.com\/en\/vieria-la-plancha-con-crujiente-de-jamon-ybrotes-de-cebolla\/","title":{"rendered":"Vieria la plancha con crujiente de jam\u00f3n y brotes de cebolla"},"content":{"rendered":"<p>Ingredientes para 4 personas:<\/p>\n<ul>\n<li>8 Vieiras<\/li>\n<li>8 lonchas Jam\u00f3n Ib\u00e9rico<\/li>\n<li>Brotes de cebolla<\/li>\n<li>AOVE Essence L&#8217;Oli Ferrer<\/li>\n<li>Caviar de AOVE L&#8217;Oli Ferrer<\/li>\n<\/ul>\n<p>Colocar las vieiras frescas unas horas en agua salada para evitar que queden restos de arena.<br \/>\nColocar la plancha a fuego fuerte y cuando est\u00e9 a temperatura colocar las vieiras bien secas con un poco de aceite de oliva virgen extra.<\/p>\n<p>Pasamos el jam\u00f3n ligeramente por la plancha y emplatamos las vieiras con el Caviar de AOVE en crudo, un chorrito de AOVE Essence y los brotes de cebolla.<\/p>\n","protected":false},"excerpt":{"rendered":"<p>Ingredientes para 4 personas: 8 Vieiras 8 lonchas Jam\u00f3n Ib\u00e9rico Brotes de cebolla AOVE Essence L&#8217;Oli Ferrer Caviar de AOVE L&#8217;Oli Ferrer Colocar las vieiras frescas unas horas en agua salada para evitar que queden restos de arena. Colocar la plancha a fuego fuerte y cuando est\u00e9 a temperatura colocar las vieiras bien secas con [&#8230;]\n","protected":false},"author":8,"featured_media":2470,"comment_status":"closed","ping_status":"closed","sticky":false,"template":"","format":"standard","meta":{"footnotes":""},"categories":[189],"tags":[],"class_list":["post-3494","post","type-post","status-publish","format-standard","has-post-thumbnail","hentry","category-recipes"],"yoast_head":"<!-- This site is optimized with the Yoast SEO plugin v27.5 - https:\/\/yoast.com\/product\/yoast-seo-wordpress\/ -->\n<title>Vieria la plancha con crujiente de jam\u00f3n y brotes de cebolla - L&#039;Oli Ferrer<\/title>\n<meta name=\"robots\" content=\"index, follow, max-snippet:-1, max-image-preview:large, max-video-preview:-1\" \/>\n<link rel=\"canonical\" href=\"https:\/\/www.loliferrer.com\/en\/vieria-la-plancha-con-crujiente-de-jamon-ybrotes-de-cebolla\/\" \/>\n<meta property=\"og:locale\" content=\"en_US\" \/>\n<meta property=\"og:type\" content=\"article\" \/>\n<meta property=\"og:title\" content=\"Vieria la plancha con crujiente de jam\u00f3n y brotes de cebolla - L&#039;Oli Ferrer\" \/>\n<meta property=\"og:description\" content=\"Ingredientes para 4 personas: 8 Vieiras 8 lonchas Jam\u00f3n Ib\u00e9rico Brotes de cebolla AOVE Essence L&#8217;Oli Ferrer Caviar de AOVE L&#8217;Oli Ferrer Colocar las vieiras frescas unas horas en agua salada para evitar que queden restos de arena. Colocar la plancha a fuego fuerte y cuando est\u00e9 a temperatura colocar las vieiras bien secas con [...]\" \/>\n<meta property=\"og:url\" content=\"https:\/\/www.loliferrer.com\/en\/vieria-la-plancha-con-crujiente-de-jamon-ybrotes-de-cebolla\/\" \/>\n<meta property=\"og:site_name\" content=\"L&#039;Oli Ferrer\" \/>\n<meta property=\"article:published_time\" content=\"2019-07-01T13:43:22+00:00\" \/>\n<meta property=\"article:modified_time\" content=\"2019-07-01T13:48:30+00:00\" \/>\n<meta property=\"og:image\" content=\"https:\/\/www.loliferrer.com\/wp-content\/uploads\/Vieira_crujiente_jamon.jpg\" \/>\n\t<meta property=\"og:image:width\" content=\"1050\" \/>\n\t<meta property=\"og:image:height\" content=\"746\" \/>\n\t<meta property=\"og:image:type\" content=\"image\/jpeg\" \/>\n<meta name=\"author\" content=\"Francesc Pastor\" \/>\n<meta name=\"twitter:card\" content=\"summary_large_image\" \/>\n<meta name=\"twitter:label1\" content=\"Written by\" \/>\n\t<meta name=\"twitter:data1\" content=\"Francesc Pastor\" \/>\n<script type=\"application\/ld+json\" class=\"yoast-schema-graph\">{\"@context\":\"https:\\\/\\\/schema.org\",\"@graph\":[{\"@type\":\"Article\",\"@id\":\"https:\\\/\\\/www.loliferrer.com\\\/en\\\/vieria-la-plancha-con-crujiente-de-jamon-ybrotes-de-cebolla\\\/#article\",\"isPartOf\":{\"@id\":\"https:\\\/\\\/www.loliferrer.com\\\/en\\\/vieria-la-plancha-con-crujiente-de-jamon-ybrotes-de-cebolla\\\/\"},\"author\":{\"name\":\"Francesc Pastor\",\"@id\":\"https:\\\/\\\/www.loliferrer.com\\\/en\\\/#\\\/schema\\\/person\\\/3f8f4b5c88204ca34f865760f8c365ce\"},\"headline\":\"Vieria la plancha con crujiente de jam\u00f3n y brotes de cebolla\",\"datePublished\":\"2019-07-01T13:43:22+00:00\",\"dateModified\":\"2019-07-01T13:48:30+00:00\",\"mainEntityOfPage\":{\"@id\":\"https:\\\/\\\/www.loliferrer.com\\\/en\\\/vieria-la-plancha-con-crujiente-de-jamon-ybrotes-de-cebolla\\\/\"},\"wordCount\":103,\"publisher\":{\"@id\":\"https:\\\/\\\/www.loliferrer.com\\\/en\\\/#organization\"},\"image\":{\"@id\":\"https:\\\/\\\/www.loliferrer.com\\\/en\\\/vieria-la-plancha-con-crujiente-de-jamon-ybrotes-de-cebolla\\\/#primaryimage\"},\"thumbnailUrl\":\"https:\\\/\\\/www.loliferrer.com\\\/wp-content\\\/uploads\\\/Vieira_crujiente_jamon.jpg\",\"articleSection\":[\"Recipes\"],\"inLanguage\":\"en-US\"},{\"@type\":\"WebPage\",\"@id\":\"https:\\\/\\\/www.loliferrer.com\\\/en\\\/vieria-la-plancha-con-crujiente-de-jamon-ybrotes-de-cebolla\\\/\",\"url\":\"https:\\\/\\\/www.loliferrer.com\\\/en\\\/vieria-la-plancha-con-crujiente-de-jamon-ybrotes-de-cebolla\\\/\",\"name\":\"Vieria la plancha con crujiente de jam\u00f3n y brotes de cebolla - L'Oli Ferrer\",\"isPartOf\":{\"@id\":\"https:\\\/\\\/www.loliferrer.com\\\/en\\\/#website\"},\"primaryImageOfPage\":{\"@id\":\"https:\\\/\\\/www.loliferrer.com\\\/en\\\/vieria-la-plancha-con-crujiente-de-jamon-ybrotes-de-cebolla\\\/#primaryimage\"},\"image\":{\"@id\":\"https:\\\/\\\/www.loliferrer.com\\\/en\\\/vieria-la-plancha-con-crujiente-de-jamon-ybrotes-de-cebolla\\\/#primaryimage\"},\"thumbnailUrl\":\"https:\\\/\\\/www.loliferrer.com\\\/wp-content\\\/uploads\\\/Vieira_crujiente_jamon.jpg\",\"datePublished\":\"2019-07-01T13:43:22+00:00\",\"dateModified\":\"2019-07-01T13:48:30+00:00\",\"breadcrumb\":{\"@id\":\"https:\\\/\\\/www.loliferrer.com\\\/en\\\/vieria-la-plancha-con-crujiente-de-jamon-ybrotes-de-cebolla\\\/#breadcrumb\"},\"inLanguage\":\"en-US\",\"potentialAction\":[{\"@type\":\"ReadAction\",\"target\":[\"https:\\\/\\\/www.loliferrer.com\\\/en\\\/vieria-la-plancha-con-crujiente-de-jamon-ybrotes-de-cebolla\\\/\"]}]},{\"@type\":\"ImageObject\",\"inLanguage\":\"en-US\",\"@id\":\"https:\\\/\\\/www.loliferrer.com\\\/en\\\/vieria-la-plancha-con-crujiente-de-jamon-ybrotes-de-cebolla\\\/#primaryimage\",\"url\":\"https:\\\/\\\/www.loliferrer.com\\\/wp-content\\\/uploads\\\/Vieira_crujiente_jamon.jpg\",\"contentUrl\":\"https:\\\/\\\/www.loliferrer.com\\\/wp-content\\\/uploads\\\/Vieira_crujiente_jamon.jpg\",\"width\":1050,\"height\":746},{\"@type\":\"BreadcrumbList\",\"@id\":\"https:\\\/\\\/www.loliferrer.com\\\/en\\\/vieria-la-plancha-con-crujiente-de-jamon-ybrotes-de-cebolla\\\/#breadcrumb\",\"itemListElement\":[{\"@type\":\"ListItem\",\"position\":1,\"name\":\"Portada\",\"item\":\"https:\\\/\\\/www.loliferrer.com\\\/en\\\/\"},{\"@type\":\"ListItem\",\"position\":2,\"name\":\"Vieria la plancha con crujiente de jam\u00f3n y brotes de cebolla\"}]},{\"@type\":\"WebSite\",\"@id\":\"https:\\\/\\\/www.loliferrer.com\\\/en\\\/#website\",\"url\":\"https:\\\/\\\/www.loliferrer.com\\\/en\\\/\",\"name\":\"L'Oli Ferrer\",\"description\":\"Tienda Online de Productos Gourmet\",\"publisher\":{\"@id\":\"https:\\\/\\\/www.loliferrer.com\\\/en\\\/#organization\"},\"potentialAction\":[{\"@type\":\"SearchAction\",\"target\":{\"@type\":\"EntryPoint\",\"urlTemplate\":\"https:\\\/\\\/www.loliferrer.com\\\/en\\\/?s={search_term_string}\"},\"query-input\":{\"@type\":\"PropertyValueSpecification\",\"valueRequired\":true,\"valueName\":\"search_term_string\"}}],\"inLanguage\":\"en-US\"},{\"@type\":\"Organization\",\"@id\":\"https:\\\/\\\/www.loliferrer.com\\\/en\\\/#organization\",\"name\":\"L'oli Ferrer\",\"url\":\"https:\\\/\\\/www.loliferrer.com\\\/en\\\/\",\"logo\":{\"@type\":\"ImageObject\",\"inLanguage\":\"en-US\",\"@id\":\"https:\\\/\\\/www.loliferrer.com\\\/en\\\/#\\\/schema\\\/logo\\\/image\\\/\",\"url\":\"https:\\\/\\\/www.loliferrer.com\\\/wp-content\\\/uploads\\\/logo-catavins-loliferrer-2018.png\",\"contentUrl\":\"https:\\\/\\\/www.loliferrer.com\\\/wp-content\\\/uploads\\\/logo-catavins-loliferrer-2018.png\",\"width\":302,\"height\":123,\"caption\":\"L'oli Ferrer\"},\"image\":{\"@id\":\"https:\\\/\\\/www.loliferrer.com\\\/en\\\/#\\\/schema\\\/logo\\\/image\\\/\"}},{\"@type\":\"Person\",\"@id\":\"https:\\\/\\\/www.loliferrer.com\\\/en\\\/#\\\/schema\\\/person\\\/3f8f4b5c88204ca34f865760f8c365ce\",\"name\":\"Francesc Pastor\",\"image\":{\"@type\":\"ImageObject\",\"inLanguage\":\"en-US\",\"@id\":\"https:\\\/\\\/secure.gravatar.com\\\/avatar\\\/e5ae627d17b098a6017c70a842a667ddbd7dbd6563a00b65d1817632497f46da?s=96&d=mm&r=g\",\"url\":\"https:\\\/\\\/secure.gravatar.com\\\/avatar\\\/e5ae627d17b098a6017c70a842a667ddbd7dbd6563a00b65d1817632497f46da?s=96&d=mm&r=g\",\"contentUrl\":\"https:\\\/\\\/secure.gravatar.com\\\/avatar\\\/e5ae627d17b098a6017c70a842a667ddbd7dbd6563a00b65d1817632497f46da?s=96&d=mm&r=g\",\"caption\":\"Francesc Pastor\"}}]}<\/script>\n<!-- \/ Yoast SEO plugin. -->","yoast_head_json":{"title":"Vieria la plancha con crujiente de jam\u00f3n y brotes de cebolla - L'Oli Ferrer","robots":{"index":"index","follow":"follow","max-snippet":"max-snippet:-1","max-image-preview":"max-image-preview:large","max-video-preview":"max-video-preview:-1"},"canonical":"https:\/\/www.loliferrer.com\/en\/vieria-la-plancha-con-crujiente-de-jamon-ybrotes-de-cebolla\/","og_locale":"en_US","og_type":"article","og_title":"Vieria la plancha con crujiente de jam\u00f3n y brotes de cebolla - L'Oli Ferrer","og_description":"Ingredientes para 4 personas: 8 Vieiras 8 lonchas Jam\u00f3n Ib\u00e9rico Brotes de cebolla AOVE Essence L&#8217;Oli Ferrer Caviar de AOVE L&#8217;Oli Ferrer Colocar las vieiras frescas unas horas en agua salada para evitar que queden restos de arena. Colocar la plancha a fuego fuerte y cuando est\u00e9 a temperatura colocar las vieiras bien secas con [...]","og_url":"https:\/\/www.loliferrer.com\/en\/vieria-la-plancha-con-crujiente-de-jamon-ybrotes-de-cebolla\/","og_site_name":"L'Oli Ferrer","article_published_time":"2019-07-01T13:43:22+00:00","article_modified_time":"2019-07-01T13:48:30+00:00","og_image":[{"width":1050,"height":746,"url":"https:\/\/www.loliferrer.com\/wp-content\/uploads\/Vieira_crujiente_jamon.jpg","type":"image\/jpeg"}],"author":"Francesc Pastor","twitter_card":"summary_large_image","twitter_misc":{"Written by":"Francesc Pastor"},"schema":{"@context":"https:\/\/schema.org","@graph":[{"@type":"Article","@id":"https:\/\/www.loliferrer.com\/en\/vieria-la-plancha-con-crujiente-de-jamon-ybrotes-de-cebolla\/#article","isPartOf":{"@id":"https:\/\/www.loliferrer.com\/en\/vieria-la-plancha-con-crujiente-de-jamon-ybrotes-de-cebolla\/"},"author":{"name":"Francesc Pastor","@id":"https:\/\/www.loliferrer.com\/en\/#\/schema\/person\/3f8f4b5c88204ca34f865760f8c365ce"},"headline":"Vieria la plancha con crujiente de jam\u00f3n y brotes de cebolla","datePublished":"2019-07-01T13:43:22+00:00","dateModified":"2019-07-01T13:48:30+00:00","mainEntityOfPage":{"@id":"https:\/\/www.loliferrer.com\/en\/vieria-la-plancha-con-crujiente-de-jamon-ybrotes-de-cebolla\/"},"wordCount":103,"publisher":{"@id":"https:\/\/www.loliferrer.com\/en\/#organization"},"image":{"@id":"https:\/\/www.loliferrer.com\/en\/vieria-la-plancha-con-crujiente-de-jamon-ybrotes-de-cebolla\/#primaryimage"},"thumbnailUrl":"https:\/\/www.loliferrer.com\/wp-content\/uploads\/Vieira_crujiente_jamon.jpg","articleSection":["Recipes"],"inLanguage":"en-US"},{"@type":"WebPage","@id":"https:\/\/www.loliferrer.com\/en\/vieria-la-plancha-con-crujiente-de-jamon-ybrotes-de-cebolla\/","url":"https:\/\/www.loliferrer.com\/en\/vieria-la-plancha-con-crujiente-de-jamon-ybrotes-de-cebolla\/","name":"Vieria la plancha con crujiente de jam\u00f3n y brotes de cebolla - L'Oli Ferrer","isPartOf":{"@id":"https:\/\/www.loliferrer.com\/en\/#website"},"primaryImageOfPage":{"@id":"https:\/\/www.loliferrer.com\/en\/vieria-la-plancha-con-crujiente-de-jamon-ybrotes-de-cebolla\/#primaryimage"},"image":{"@id":"https:\/\/www.loliferrer.com\/en\/vieria-la-plancha-con-crujiente-de-jamon-ybrotes-de-cebolla\/#primaryimage"},"thumbnailUrl":"https:\/\/www.loliferrer.com\/wp-content\/uploads\/Vieira_crujiente_jamon.jpg","datePublished":"2019-07-01T13:43:22+00:00","dateModified":"2019-07-01T13:48:30+00:00","breadcrumb":{"@id":"https:\/\/www.loliferrer.com\/en\/vieria-la-plancha-con-crujiente-de-jamon-ybrotes-de-cebolla\/#breadcrumb"},"inLanguage":"en-US","potentialAction":[{"@type":"ReadAction","target":["https:\/\/www.loliferrer.com\/en\/vieria-la-plancha-con-crujiente-de-jamon-ybrotes-de-cebolla\/"]}]},{"@type":"ImageObject","inLanguage":"en-US","@id":"https:\/\/www.loliferrer.com\/en\/vieria-la-plancha-con-crujiente-de-jamon-ybrotes-de-cebolla\/#primaryimage","url":"https:\/\/www.loliferrer.com\/wp-content\/uploads\/Vieira_crujiente_jamon.jpg","contentUrl":"https:\/\/www.loliferrer.com\/wp-content\/uploads\/Vieira_crujiente_jamon.jpg","width":1050,"height":746},{"@type":"BreadcrumbList","@id":"https:\/\/www.loliferrer.com\/en\/vieria-la-plancha-con-crujiente-de-jamon-ybrotes-de-cebolla\/#breadcrumb","itemListElement":[{"@type":"ListItem","position":1,"name":"Portada","item":"https:\/\/www.loliferrer.com\/en\/"},{"@type":"ListItem","position":2,"name":"Vieria la plancha con crujiente de jam\u00f3n y brotes de cebolla"}]},{"@type":"WebSite","@id":"https:\/\/www.loliferrer.com\/en\/#website","url":"https:\/\/www.loliferrer.com\/en\/","name":"L'Oli Ferrer","description":"Tienda Online de Productos Gourmet","publisher":{"@id":"https:\/\/www.loliferrer.com\/en\/#organization"},"potentialAction":[{"@type":"SearchAction","target":{"@type":"EntryPoint","urlTemplate":"https:\/\/www.loliferrer.com\/en\/?s={search_term_string}"},"query-input":{"@type":"PropertyValueSpecification","valueRequired":true,"valueName":"search_term_string"}}],"inLanguage":"en-US"},{"@type":"Organization","@id":"https:\/\/www.loliferrer.com\/en\/#organization","name":"L'oli Ferrer","url":"https:\/\/www.loliferrer.com\/en\/","logo":{"@type":"ImageObject","inLanguage":"en-US","@id":"https:\/\/www.loliferrer.com\/en\/#\/schema\/logo\/image\/","url":"https:\/\/www.loliferrer.com\/wp-content\/uploads\/logo-catavins-loliferrer-2018.png","contentUrl":"https:\/\/www.loliferrer.com\/wp-content\/uploads\/logo-catavins-loliferrer-2018.png","width":302,"height":123,"caption":"L'oli Ferrer"},"image":{"@id":"https:\/\/www.loliferrer.com\/en\/#\/schema\/logo\/image\/"}},{"@type":"Person","@id":"https:\/\/www.loliferrer.com\/en\/#\/schema\/person\/3f8f4b5c88204ca34f865760f8c365ce","name":"Francesc Pastor","image":{"@type":"ImageObject","inLanguage":"en-US","@id":"https:\/\/secure.gravatar.com\/avatar\/e5ae627d17b098a6017c70a842a667ddbd7dbd6563a00b65d1817632497f46da?s=96&d=mm&r=g","url":"https:\/\/secure.gravatar.com\/avatar\/e5ae627d17b098a6017c70a842a667ddbd7dbd6563a00b65d1817632497f46da?s=96&d=mm&r=g","contentUrl":"https:\/\/secure.gravatar.com\/avatar\/e5ae627d17b098a6017c70a842a667ddbd7dbd6563a00b65d1817632497f46da?s=96&d=mm&r=g","caption":"Francesc Pastor"}}]}},"_links":{"self":[{"href":"https:\/\/www.loliferrer.com\/en\/wp-json\/wp\/v2\/posts\/3494","targetHints":{"allow":["GET"]}}],"collection":[{"href":"https:\/\/www.loliferrer.com\/en\/wp-json\/wp\/v2\/posts"}],"about":[{"href":"https:\/\/www.loliferrer.com\/en\/wp-json\/wp\/v2\/types\/post"}],"author":[{"embeddable":true,"href":"https:\/\/www.loliferrer.com\/en\/wp-json\/wp\/v2\/users\/8"}],"replies":[{"embeddable":true,"href":"https:\/\/www.loliferrer.com\/en\/wp-json\/wp\/v2\/comments?post=3494"}],"version-history":[{"count":0,"href":"https:\/\/www.loliferrer.com\/en\/wp-json\/wp\/v2\/posts\/3494\/revisions"}],"wp:featuredmedia":[{"embeddable":true,"href":"https:\/\/www.loliferrer.com\/en\/wp-json\/wp\/v2\/media\/2470"}],"wp:attachment":[{"href":"https:\/\/www.loliferrer.com\/en\/wp-json\/wp\/v2\/media?parent=3494"}],"wp:term":[{"taxonomy":"category","embeddable":true,"href":"https:\/\/www.loliferrer.com\/en\/wp-json\/wp\/v2\/categories?post=3494"},{"taxonomy":"post_tag","embeddable":true,"href":"https:\/\/www.loliferrer.com\/en\/wp-json\/wp\/v2\/tags?post=3494"}],"curies":[{"name":"wp","href":"https:\/\/api.w.org\/{rel}","templated":true}]}}