{"id":3439,"date":"2019-06-11T12:52:26","date_gmt":"2019-06-11T10:52:26","guid":{"rendered":"https:\/\/www.loliferrer.com\/?p=3439"},"modified":"2020-04-27T13:59:04","modified_gmt":"2020-04-27T11:59:04","slug":"que-es-loli-doliva","status":"publish","type":"post","link":"https:\/\/www.loliferrer.com\/ca\/que-es-loli-doliva\/","title":{"rendered":"Qu\u00e8 \u00e9s l&#8217;oli d&#8217;oliva?"},"content":{"rendered":"<p>Per a poder comprendre el veritable sentit del que \u00e9s l&#8217;oli d&#8217;oliva, hem de parlar primer del que \u00e9s <strong>l&#8217;olivera<\/strong>. Estem parlant, probablement, d&#8217;una de les primeres plantes a ser conreades pels humans i tamb\u00e9 a ser exportada.<\/p>\n<p>Es tracta d&#8217;una <strong>icona de la cultura mediterr\u00e0nia<\/strong>i, per descomptat, tamb\u00e9 de la seva dieta. A nivell de simbologia representa pau, fertilitat, gl\u00f2ria i riquesa. A m\u00e9s, l&#8217;olivera \u00e9s una esp\u00e8cie que acostuma a viure molts anys amb el que hi ha qui l&#8217;associa amb la longevitat.<\/p>\n<p>Els mateixos grecs feien \u00fas de les seves branques per a coronar als campions ol\u00edmpics i commemorar aix\u00ed la seva vict\u00f2ria. Per\u00f2 no nom\u00e9s els grecs es van sentir atrets per aquesta noble esp\u00e8cie, els romans la van dir \u2018el Rei dels arbres\u2019 gr\u00e0cies a la seva for\u00e7a i resist\u00e8ncia que suporta sense problemes tant gelades com el pas del temps.<\/p>\n<p>De fet l&#8217;olivera \u00e9s un arbre m\u00edtic, ja que s\u00f3n multitud les llegendes i hist\u00f2ries en les quals apareix de manera representativa. I \u00e9s que segons els grecs l&#8217;olivera va ser decisiva en la fundaci\u00f3 d&#8217;Atenes. Explica la hist\u00f2ria que Pal\u00b7las Atenea i Posid\u00f3 competien per a posseir una col\u00f2nia i els d\u00e9us de l&#8217;Olimp els van demanar un present per als ciutadans. Posid\u00f3 va oferir un fort cavall com a s\u00edmbol de for\u00e7a i vict\u00f2ria b\u00e8l\u00b7lica, mentre que Atenea va oferir una olivera com a s\u00edmbol d&#8217;abund\u00e0ncia, aliment per als homes i cura per a les ferides; guanyant d&#8217;aquesta manera l&#8217;enfrontament i fundant la gloriosa ciutat d&#8217;Atenes. Per\u00f2 no nom\u00e9s els grecs veneraven aquest arbre, tamb\u00e9 d&#8217;acord amb la mitologia eg\u00edpcia, l&#8217;olivera va ser donada als humans per la deessa Isis i aquesta els va ensenyar el proc\u00e9s d&#8217;extracci\u00f3 de l&#8217;oli d&#8217;oliva.<\/p>\n<p><strong>Oli d&#8217;oliva, or l\u00edquid del Mediterrani<\/strong><\/p>\n<p>No \u00e9s d&#8217;estranyar que molts es refereixin a l&#8217;<strong><u>oli d&#8217;oliva<\/u><\/strong>com a \u2018or l\u00edquid\u2019, ja que no solament prov\u00e9 de tal espl\u00e8ndida esp\u00e8cie sin\u00f3 que \u00e9s un veritable privilegi comptar amb ella tant en cuina com en la vida quotidiana.<\/p>\n<p>Igual que l&#8217;arbre, es tracta d&#8217;un dels primers olis de la hist\u00f2ria del Mediterrani. \u00c9s per aix\u00f2 que el seu nom prov\u00e9 de \u2018azz\u00e1yt\u2019 que significa en \u00e0rab hisp\u00e0 \u2018suc d&#8217;olivera\u2019.<\/p>\n<p><strong>AOVE: Oli d&#8217;Oliva Verge Extra<\/strong><\/p>\n<p>Actualment, Espanya \u00e9s el principal pa\u00eds productor d&#8217;oli d&#8217;oliva i cobreix el 50% de la producci\u00f3 mundial <strong><u>d&#8217;Oli de Oliva Verge Extra (AOVE)<\/u><\/strong>.<\/p>\n<p>Per\u00f2, qu\u00e8 \u00e9s exactament aix\u00f2 del <strong>AOVE<\/strong>? Aquesta gamma d&#8217;oli \u00e9s considerada de major qualitat per la seva acidesa. El tema de l&#8217;acidesa no hem d&#8217;entendre-ho com una cosa gustativa, ja que no significa que aquest oli sigui de sabor \u00e0cid, sin\u00f3 que \u00e9s un par\u00e0metre que mesura la qualitat i salut de l&#8217;oliva amb la qual s&#8217;ha elaborat. A menor acidesa, millors olives. En aquest cas el <strong>AOVE<\/strong>\u00e9s l&#8217;oli que menys acidesa presenta, menys de 0,8 grams per 100ml, i, per tant, \u00e9s considerat l&#8217;oli m\u00e9s premium i tamb\u00e9 m\u00e9s saludable.<\/p>\n<p><strong>Tipus d&#8217;oliva i denominacions d&#8217;origen<\/strong><\/p>\n<p>\u00danicament els AOVE tenen assignada una <strong>denominaci\u00f3 d&#8217;origen<\/strong>, que correspon a un territori i a unes varietats de producte concretes. A Espanya comptem amb 29 D.O. i multitud de varietats d&#8217;oliva.<\/p>\n<p>Algunes de les varietats m\u00e9s comunes s\u00f3n\u00a0<strong>l&#8217;arbequina, la sevillenca, la camamilla, la morruda o la picual.<\/strong><\/p>\n<p><strong><u>Elegance by L\u2019Oli Ferrer <\/u><\/strong>est\u00e0 elaborat a base d&#8217;olives arbequines de les oliveres centen\u00e0ries de la <strong>zona de Siurana<\/strong>. Es tracta d&#8217;un territori entre el mar i la muntanya, que gaudeix d&#8217;un clima suau amb hiverns poc freds, poques pluges entre temps i estius secs. Aix\u00f2 s\u00ed, \u00e9s una zona en la qual acostuma a bufar de tardor a primavera vents del Mediterrani com el de Mistral i Llevant.<\/p>\n<p>L&#8217;arbequina produeix un oli molt caracter\u00edstic at\u00e8s que \u00e9s <strong>dol\u00e7<\/strong>, sense cap toc amarg i una mica de picant, i acostuma a ser <strong>afruitat\u00a0<\/strong>i <strong>arom\u00e0tic<\/strong>. \u00c9s sens dubte un dels m\u00e9s coneguts i benvolguts dins dels olis mediterranis.<\/p>\n","protected":false},"excerpt":{"rendered":"<p>Per a poder comprendre el veritable sentit del que \u00e9s l&#8217;oli d&#8217;oliva, hem de parlar primer del que \u00e9s l&#8217;olivera. Estem parlant, probablement, d&#8217;una de les primeres plantes a ser conreades pels humans i tamb\u00e9 a ser exportada. Es tracta d&#8217;una icona de la cultura mediterr\u00e0niai, per descomptat, tamb\u00e9 de la seva dieta. A nivell [&#8230;]\n","protected":false},"author":4,"featured_media":3468,"comment_status":"closed","ping_status":"closed","sticky":false,"template":"","format":"standard","meta":{"footnotes":""},"categories":[19],"tags":[],"class_list":["post-3439","post","type-post","status-publish","format-standard","has-post-thumbnail","hentry","category-blog-ca"],"yoast_head":"<!-- This site is optimized with the Yoast SEO plugin v27.5 - https:\/\/yoast.com\/product\/yoast-seo-wordpress\/ -->\n<title>Qu\u00e8 \u00e9s l&#039;oli d&#039;oliva? - L&#039;Oli Ferrer<\/title>\n<meta name=\"robots\" content=\"index, follow, max-snippet:-1, max-image-preview:large, max-video-preview:-1\" \/>\n<link rel=\"canonical\" href=\"https:\/\/www.loliferrer.com\/ca\/que-es-loli-doliva\/\" \/>\n<meta property=\"og:locale\" content=\"ca_ES\" \/>\n<meta property=\"og:type\" content=\"article\" \/>\n<meta property=\"og:title\" content=\"Qu\u00e8 \u00e9s l&#039;oli d&#039;oliva? - L&#039;Oli Ferrer\" \/>\n<meta property=\"og:description\" content=\"Per a poder comprendre el veritable sentit del que \u00e9s l&#8217;oli d&#8217;oliva, hem de parlar primer del que \u00e9s l&#8217;olivera. Estem parlant, probablement, d&#8217;una de les primeres plantes a ser conreades pels humans i tamb\u00e9 a ser exportada. Es tracta d&#8217;una icona de la cultura mediterr\u00e0niai, per descomptat, tamb\u00e9 de la seva dieta. A nivell [...]\" \/>\n<meta property=\"og:url\" content=\"https:\/\/www.loliferrer.com\/ca\/que-es-loli-doliva\/\" \/>\n<meta property=\"og:site_name\" content=\"L&#039;Oli Ferrer\" \/>\n<meta property=\"article:published_time\" content=\"2019-06-11T10:52:26+00:00\" \/>\n<meta property=\"article:modified_time\" content=\"2020-04-27T11:59:04+00:00\" \/>\n<meta property=\"og:image\" content=\"https:\/\/www.loliferrer.com\/wp-content\/uploads\/unnamed-3-2.jpg\" \/>\n\t<meta property=\"og:image:width\" content=\"960\" \/>\n\t<meta property=\"og:image:height\" content=\"640\" \/>\n\t<meta property=\"og:image:type\" content=\"image\/jpeg\" \/>\n<meta name=\"author\" content=\"Yolanda Ferrer\" \/>\n<meta name=\"twitter:card\" content=\"summary_large_image\" \/>\n<meta name=\"twitter:label1\" content=\"Escrit per\" \/>\n\t<meta name=\"twitter:data1\" content=\"Yolanda Ferrer\" \/>\n\t<meta name=\"twitter:label2\" content=\"Temps estimat de lectura\" \/>\n\t<meta name=\"twitter:data2\" content=\"3 minuts\" \/>\n<script type=\"application\/ld+json\" class=\"yoast-schema-graph\">{\"@context\":\"https:\\\/\\\/schema.org\",\"@graph\":[{\"@type\":\"Article\",\"@id\":\"https:\\\/\\\/www.loliferrer.com\\\/ca\\\/que-es-loli-doliva\\\/#article\",\"isPartOf\":{\"@id\":\"https:\\\/\\\/www.loliferrer.com\\\/ca\\\/que-es-loli-doliva\\\/\"},\"author\":{\"name\":\"Yolanda Ferrer\",\"@id\":\"https:\\\/\\\/www.loliferrer.com\\\/ca\\\/#\\\/schema\\\/person\\\/d0b7545dab71f66895563c6b9d2d2ac1\"},\"headline\":\"Qu\u00e8 \u00e9s l&#8217;oli d&#8217;oliva?\",\"datePublished\":\"2019-06-11T10:52:26+00:00\",\"dateModified\":\"2020-04-27T11:59:04+00:00\",\"mainEntityOfPage\":{\"@id\":\"https:\\\/\\\/www.loliferrer.com\\\/ca\\\/que-es-loli-doliva\\\/\"},\"wordCount\":697,\"publisher\":{\"@id\":\"https:\\\/\\\/www.loliferrer.com\\\/ca\\\/#organization\"},\"image\":{\"@id\":\"https:\\\/\\\/www.loliferrer.com\\\/ca\\\/que-es-loli-doliva\\\/#primaryimage\"},\"thumbnailUrl\":\"https:\\\/\\\/www.loliferrer.com\\\/wp-content\\\/uploads\\\/unnamed-3-2.jpg\",\"articleSection\":[\"Blog\"],\"inLanguage\":\"ca\"},{\"@type\":\"WebPage\",\"@id\":\"https:\\\/\\\/www.loliferrer.com\\\/ca\\\/que-es-loli-doliva\\\/\",\"url\":\"https:\\\/\\\/www.loliferrer.com\\\/ca\\\/que-es-loli-doliva\\\/\",\"name\":\"Qu\u00e8 \u00e9s l'oli d'oliva? - L'Oli Ferrer\",\"isPartOf\":{\"@id\":\"https:\\\/\\\/www.loliferrer.com\\\/ca\\\/#website\"},\"primaryImageOfPage\":{\"@id\":\"https:\\\/\\\/www.loliferrer.com\\\/ca\\\/que-es-loli-doliva\\\/#primaryimage\"},\"image\":{\"@id\":\"https:\\\/\\\/www.loliferrer.com\\\/ca\\\/que-es-loli-doliva\\\/#primaryimage\"},\"thumbnailUrl\":\"https:\\\/\\\/www.loliferrer.com\\\/wp-content\\\/uploads\\\/unnamed-3-2.jpg\",\"datePublished\":\"2019-06-11T10:52:26+00:00\",\"dateModified\":\"2020-04-27T11:59:04+00:00\",\"breadcrumb\":{\"@id\":\"https:\\\/\\\/www.loliferrer.com\\\/ca\\\/que-es-loli-doliva\\\/#breadcrumb\"},\"inLanguage\":\"ca\",\"potentialAction\":[{\"@type\":\"ReadAction\",\"target\":[\"https:\\\/\\\/www.loliferrer.com\\\/ca\\\/que-es-loli-doliva\\\/\"]}]},{\"@type\":\"ImageObject\",\"inLanguage\":\"ca\",\"@id\":\"https:\\\/\\\/www.loliferrer.com\\\/ca\\\/que-es-loli-doliva\\\/#primaryimage\",\"url\":\"https:\\\/\\\/www.loliferrer.com\\\/wp-content\\\/uploads\\\/unnamed-3-2.jpg\",\"contentUrl\":\"https:\\\/\\\/www.loliferrer.com\\\/wp-content\\\/uploads\\\/unnamed-3-2.jpg\",\"width\":960,\"height\":640},{\"@type\":\"BreadcrumbList\",\"@id\":\"https:\\\/\\\/www.loliferrer.com\\\/ca\\\/que-es-loli-doliva\\\/#breadcrumb\",\"itemListElement\":[{\"@type\":\"ListItem\",\"position\":1,\"name\":\"Portada\",\"item\":\"https:\\\/\\\/www.loliferrer.com\\\/ca\\\/\"},{\"@type\":\"ListItem\",\"position\":2,\"name\":\"Qu\u00e8 \u00e9s l&#8217;oli d&#8217;oliva?\"}]},{\"@type\":\"WebSite\",\"@id\":\"https:\\\/\\\/www.loliferrer.com\\\/ca\\\/#website\",\"url\":\"https:\\\/\\\/www.loliferrer.com\\\/ca\\\/\",\"name\":\"L'Oli Ferrer\",\"description\":\"Tienda Online de Productos Gourmet\",\"publisher\":{\"@id\":\"https:\\\/\\\/www.loliferrer.com\\\/ca\\\/#organization\"},\"potentialAction\":[{\"@type\":\"SearchAction\",\"target\":{\"@type\":\"EntryPoint\",\"urlTemplate\":\"https:\\\/\\\/www.loliferrer.com\\\/ca\\\/?s={search_term_string}\"},\"query-input\":{\"@type\":\"PropertyValueSpecification\",\"valueRequired\":true,\"valueName\":\"search_term_string\"}}],\"inLanguage\":\"ca\"},{\"@type\":\"Organization\",\"@id\":\"https:\\\/\\\/www.loliferrer.com\\\/ca\\\/#organization\",\"name\":\"L'oli Ferrer\",\"url\":\"https:\\\/\\\/www.loliferrer.com\\\/ca\\\/\",\"logo\":{\"@type\":\"ImageObject\",\"inLanguage\":\"ca\",\"@id\":\"https:\\\/\\\/www.loliferrer.com\\\/ca\\\/#\\\/schema\\\/logo\\\/image\\\/\",\"url\":\"https:\\\/\\\/www.loliferrer.com\\\/wp-content\\\/uploads\\\/logo-catavins-loliferrer-2018.png\",\"contentUrl\":\"https:\\\/\\\/www.loliferrer.com\\\/wp-content\\\/uploads\\\/logo-catavins-loliferrer-2018.png\",\"width\":302,\"height\":123,\"caption\":\"L'oli Ferrer\"},\"image\":{\"@id\":\"https:\\\/\\\/www.loliferrer.com\\\/ca\\\/#\\\/schema\\\/logo\\\/image\\\/\"}},{\"@type\":\"Person\",\"@id\":\"https:\\\/\\\/www.loliferrer.com\\\/ca\\\/#\\\/schema\\\/person\\\/d0b7545dab71f66895563c6b9d2d2ac1\",\"name\":\"Yolanda Ferrer\",\"image\":{\"@type\":\"ImageObject\",\"inLanguage\":\"ca\",\"@id\":\"https:\\\/\\\/secure.gravatar.com\\\/avatar\\\/670f1a577fec28a4e8ebaec25c47ac2169abc82da504c57ae653de2a41c62f9d?s=96&d=mm&r=g\",\"url\":\"https:\\\/\\\/secure.gravatar.com\\\/avatar\\\/670f1a577fec28a4e8ebaec25c47ac2169abc82da504c57ae653de2a41c62f9d?s=96&d=mm&r=g\",\"contentUrl\":\"https:\\\/\\\/secure.gravatar.com\\\/avatar\\\/670f1a577fec28a4e8ebaec25c47ac2169abc82da504c57ae653de2a41c62f9d?s=96&d=mm&r=g\",\"caption\":\"Yolanda Ferrer\"}}]}<\/script>\n<!-- \/ Yoast SEO plugin. -->","yoast_head_json":{"title":"Qu\u00e8 \u00e9s l'oli d'oliva? - L'Oli Ferrer","robots":{"index":"index","follow":"follow","max-snippet":"max-snippet:-1","max-image-preview":"max-image-preview:large","max-video-preview":"max-video-preview:-1"},"canonical":"https:\/\/www.loliferrer.com\/ca\/que-es-loli-doliva\/","og_locale":"ca_ES","og_type":"article","og_title":"Qu\u00e8 \u00e9s l'oli d'oliva? - L'Oli Ferrer","og_description":"Per a poder comprendre el veritable sentit del que \u00e9s l&#8217;oli d&#8217;oliva, hem de parlar primer del que \u00e9s l&#8217;olivera. Estem parlant, probablement, d&#8217;una de les primeres plantes a ser conreades pels humans i tamb\u00e9 a ser exportada. Es tracta d&#8217;una icona de la cultura mediterr\u00e0niai, per descomptat, tamb\u00e9 de la seva dieta. A nivell [...]","og_url":"https:\/\/www.loliferrer.com\/ca\/que-es-loli-doliva\/","og_site_name":"L'Oli Ferrer","article_published_time":"2019-06-11T10:52:26+00:00","article_modified_time":"2020-04-27T11:59:04+00:00","og_image":[{"width":960,"height":640,"url":"https:\/\/www.loliferrer.com\/wp-content\/uploads\/unnamed-3-2.jpg","type":"image\/jpeg"}],"author":"Yolanda Ferrer","twitter_card":"summary_large_image","twitter_misc":{"Escrit per":"Yolanda Ferrer","Temps estimat de lectura":"3 minuts"},"schema":{"@context":"https:\/\/schema.org","@graph":[{"@type":"Article","@id":"https:\/\/www.loliferrer.com\/ca\/que-es-loli-doliva\/#article","isPartOf":{"@id":"https:\/\/www.loliferrer.com\/ca\/que-es-loli-doliva\/"},"author":{"name":"Yolanda Ferrer","@id":"https:\/\/www.loliferrer.com\/ca\/#\/schema\/person\/d0b7545dab71f66895563c6b9d2d2ac1"},"headline":"Qu\u00e8 \u00e9s l&#8217;oli d&#8217;oliva?","datePublished":"2019-06-11T10:52:26+00:00","dateModified":"2020-04-27T11:59:04+00:00","mainEntityOfPage":{"@id":"https:\/\/www.loliferrer.com\/ca\/que-es-loli-doliva\/"},"wordCount":697,"publisher":{"@id":"https:\/\/www.loliferrer.com\/ca\/#organization"},"image":{"@id":"https:\/\/www.loliferrer.com\/ca\/que-es-loli-doliva\/#primaryimage"},"thumbnailUrl":"https:\/\/www.loliferrer.com\/wp-content\/uploads\/unnamed-3-2.jpg","articleSection":["Blog"],"inLanguage":"ca"},{"@type":"WebPage","@id":"https:\/\/www.loliferrer.com\/ca\/que-es-loli-doliva\/","url":"https:\/\/www.loliferrer.com\/ca\/que-es-loli-doliva\/","name":"Qu\u00e8 \u00e9s l'oli d'oliva? - L'Oli Ferrer","isPartOf":{"@id":"https:\/\/www.loliferrer.com\/ca\/#website"},"primaryImageOfPage":{"@id":"https:\/\/www.loliferrer.com\/ca\/que-es-loli-doliva\/#primaryimage"},"image":{"@id":"https:\/\/www.loliferrer.com\/ca\/que-es-loli-doliva\/#primaryimage"},"thumbnailUrl":"https:\/\/www.loliferrer.com\/wp-content\/uploads\/unnamed-3-2.jpg","datePublished":"2019-06-11T10:52:26+00:00","dateModified":"2020-04-27T11:59:04+00:00","breadcrumb":{"@id":"https:\/\/www.loliferrer.com\/ca\/que-es-loli-doliva\/#breadcrumb"},"inLanguage":"ca","potentialAction":[{"@type":"ReadAction","target":["https:\/\/www.loliferrer.com\/ca\/que-es-loli-doliva\/"]}]},{"@type":"ImageObject","inLanguage":"ca","@id":"https:\/\/www.loliferrer.com\/ca\/que-es-loli-doliva\/#primaryimage","url":"https:\/\/www.loliferrer.com\/wp-content\/uploads\/unnamed-3-2.jpg","contentUrl":"https:\/\/www.loliferrer.com\/wp-content\/uploads\/unnamed-3-2.jpg","width":960,"height":640},{"@type":"BreadcrumbList","@id":"https:\/\/www.loliferrer.com\/ca\/que-es-loli-doliva\/#breadcrumb","itemListElement":[{"@type":"ListItem","position":1,"name":"Portada","item":"https:\/\/www.loliferrer.com\/ca\/"},{"@type":"ListItem","position":2,"name":"Qu\u00e8 \u00e9s l&#8217;oli d&#8217;oliva?"}]},{"@type":"WebSite","@id":"https:\/\/www.loliferrer.com\/ca\/#website","url":"https:\/\/www.loliferrer.com\/ca\/","name":"L'Oli Ferrer","description":"Tienda Online de Productos Gourmet","publisher":{"@id":"https:\/\/www.loliferrer.com\/ca\/#organization"},"potentialAction":[{"@type":"SearchAction","target":{"@type":"EntryPoint","urlTemplate":"https:\/\/www.loliferrer.com\/ca\/?s={search_term_string}"},"query-input":{"@type":"PropertyValueSpecification","valueRequired":true,"valueName":"search_term_string"}}],"inLanguage":"ca"},{"@type":"Organization","@id":"https:\/\/www.loliferrer.com\/ca\/#organization","name":"L'oli Ferrer","url":"https:\/\/www.loliferrer.com\/ca\/","logo":{"@type":"ImageObject","inLanguage":"ca","@id":"https:\/\/www.loliferrer.com\/ca\/#\/schema\/logo\/image\/","url":"https:\/\/www.loliferrer.com\/wp-content\/uploads\/logo-catavins-loliferrer-2018.png","contentUrl":"https:\/\/www.loliferrer.com\/wp-content\/uploads\/logo-catavins-loliferrer-2018.png","width":302,"height":123,"caption":"L'oli Ferrer"},"image":{"@id":"https:\/\/www.loliferrer.com\/ca\/#\/schema\/logo\/image\/"}},{"@type":"Person","@id":"https:\/\/www.loliferrer.com\/ca\/#\/schema\/person\/d0b7545dab71f66895563c6b9d2d2ac1","name":"Yolanda Ferrer","image":{"@type":"ImageObject","inLanguage":"ca","@id":"https:\/\/secure.gravatar.com\/avatar\/670f1a577fec28a4e8ebaec25c47ac2169abc82da504c57ae653de2a41c62f9d?s=96&d=mm&r=g","url":"https:\/\/secure.gravatar.com\/avatar\/670f1a577fec28a4e8ebaec25c47ac2169abc82da504c57ae653de2a41c62f9d?s=96&d=mm&r=g","contentUrl":"https:\/\/secure.gravatar.com\/avatar\/670f1a577fec28a4e8ebaec25c47ac2169abc82da504c57ae653de2a41c62f9d?s=96&d=mm&r=g","caption":"Yolanda Ferrer"}}]}},"_links":{"self":[{"href":"https:\/\/www.loliferrer.com\/ca\/wp-json\/wp\/v2\/posts\/3439","targetHints":{"allow":["GET"]}}],"collection":[{"href":"https:\/\/www.loliferrer.com\/ca\/wp-json\/wp\/v2\/posts"}],"about":[{"href":"https:\/\/www.loliferrer.com\/ca\/wp-json\/wp\/v2\/types\/post"}],"author":[{"embeddable":true,"href":"https:\/\/www.loliferrer.com\/ca\/wp-json\/wp\/v2\/users\/4"}],"replies":[{"embeddable":true,"href":"https:\/\/www.loliferrer.com\/ca\/wp-json\/wp\/v2\/comments?post=3439"}],"version-history":[{"count":0,"href":"https:\/\/www.loliferrer.com\/ca\/wp-json\/wp\/v2\/posts\/3439\/revisions"}],"wp:featuredmedia":[{"embeddable":true,"href":"https:\/\/www.loliferrer.com\/ca\/wp-json\/wp\/v2\/media\/3468"}],"wp:attachment":[{"href":"https:\/\/www.loliferrer.com\/ca\/wp-json\/wp\/v2\/media?parent=3439"}],"wp:term":[{"taxonomy":"category","embeddable":true,"href":"https:\/\/www.loliferrer.com\/ca\/wp-json\/wp\/v2\/categories?post=3439"},{"taxonomy":"post_tag","embeddable":true,"href":"https:\/\/www.loliferrer.com\/ca\/wp-json\/wp\/v2\/tags?post=3439"}],"curies":[{"name":"wp","href":"https:\/\/api.w.org\/{rel}","templated":true}]}}